{"id":7807,"date":"2026-04-26T02:36:52","date_gmt":"2026-04-26T05:36:52","guid":{"rendered":"https:\/\/integracaogestao.com.br\/?p=7807"},"modified":"2026-04-26T02:36:52","modified_gmt":"2026-04-26T05:36:52","slug":"sibutramin-hur-man-tar-och-vad-du-bor-veta","status":"publish","type":"post","link":"https:\/\/integracaogestao.com.br\/index.php\/2026\/04\/26\/sibutramin-hur-man-tar-och-vad-du-bor-veta\/","title":{"rendered":"Sibutramin: Hur man tar och vad du b\u00f6r veta"},"content":{"rendered":"<p>Sibutramin \u00e4r ett l\u00e4kemedel som anv\u00e4nds f\u00f6r att behandla \u00f6vervikt och fetma. Det fungerar genom att p\u00e5verka hj\u00e4rnans signalsubstanser, vilket minskar hunger och \u00f6kar m\u00e4ttnadsk\u00e4nslan. Det \u00e4r viktigt att f\u00f6lja riktlinjer f\u00f6r anv\u00e4ndning f\u00f6r att s\u00e4kerst\u00e4lla b\u00e5de effektivitet och s\u00e4kerhet.<\/p>\n<p><a href=\"https:\/\/mclinicmorocco.com\/hur-man-tar-sibutramin-en-omfattande-guide\/\">https:\/\/mclinicmorocco.com\/hur-man-tar-sibutramin-en-omfattande-guide\/<\/a><\/p>\n<h2>Hur man tar Sibutramin<\/h2>\n<p>Det finns n\u00e5gra viktiga punkter att t\u00e4nka p\u00e5 n\u00e4r man tar sibutramin:<\/p>\n<ol>\n<li><strong>Konsultera alltid en l\u00e4kare:<\/strong> Innan du b\u00f6rjar med sibutramin \u00e4r det avg\u00f6rande att prata med en medicinsk professionell f\u00f6r att f\u00f6rs\u00e4kra dig om att det \u00e4r r\u00e4tt val f\u00f6r dig.<\/li>\n<li><strong>F\u00f6lj doseringsanvisningarna:<\/strong> Ta bara den dos som din l\u00e4kare ordinerar. Vanligtvis tas sibutramin en g\u00e5ng om dagen, helst p\u00e5 morgonen.<\/li>\n<li><strong>Var uppm\u00e4rksam p\u00e5 biverkningar:<\/strong> H\u00e5ll utkik efter eventuella biverkningar och informera din l\u00e4kare om du upplever n\u00e5got som oroar dig.<\/li>\n<li><strong>Kombinera med en h\u00e4lsosam livsstil:<\/strong> F\u00f6r b\u00e4sta resultat, kombinera sibutramin med en balanserad diet och regelbunden fysisk aktivitet.<\/li>\n<\/ol>\n<h2>Viktiga \u00f6verv\u00e4ganden<\/h2>\n<p>Innan du b\u00f6rjar med sibutramin \u00e4r det viktigt att beakta f\u00f6ljande aspekter:<\/p>\n<ul>\n<li>Din medicinska historia, s\u00e4rskilt hj\u00e4rt- och k\u00e4rlsjukdomar.<\/li>\n<li>Eventuella l\u00e4kemedel du tar f\u00f6r att undvika interaktioner.<\/li>\n<li>Livsstilsfaktorer som kost och motion.<\/li>\n<\/ul>\n<p>T\u00e4nk p\u00e5 att sibutramin inte \u00e4r en mirakell\u00f6sning och att l\u00e5ngsiktig framg\u00e5ng kr\u00e4ver engagemang. R\u00e5dg\u00f6r alltid med en h\u00e4lsoexpert f\u00f6r att f\u00e5 skr\u00e4ddarsydd v\u00e4gledning som passar dina individuella behov.<\/p>\n","protected":false},"excerpt":{"rendered":"<p>Sibutramin \u00e4r ett l\u00e4kemedel som anv\u00e4nds f\u00f6r att behandla \u00f6vervikt och fetma. Det fungerar genom att p\u00e5verka hj\u00e4rnans signalsubstanser, vilket minskar hunger och \u00f6kar m\u00e4ttnadsk\u00e4nslan. Det \u00e4r viktigt att f\u00f6lja riktlinjer f\u00f6r anv\u00e4ndning f\u00f6r att s\u00e4kerst\u00e4lla b\u00e5de effektivitet och s\u00e4kerhet. https:\/\/mclinicmorocco.com\/hur-man-tar-sibutramin-en-omfattande-guide\/ Hur man tar Sibutramin Det finns n\u00e5gra viktiga punkter att t\u00e4nka p\u00e5 n\u00e4r man [&hellip;]<\/p>\n","protected":false},"author":2,"featured_media":0,"comment_status":"closed","ping_status":"open","sticky":false,"template":"","format":"standard","meta":{"_joinchat":[],"footnotes":""},"categories":[1],"tags":[],"class_list":["post-7807","post","type-post","status-publish","format-standard","hentry","category-blog"],"aioseo_notices":[],"_links":{"self":[{"href":"https:\/\/integracaogestao.com.br\/index.php\/wp-json\/wp\/v2\/posts\/7807","targetHints":{"allow":["GET"]}}],"collection":[{"href":"https:\/\/integracaogestao.com.br\/index.php\/wp-json\/wp\/v2\/posts"}],"about":[{"href":"https:\/\/integracaogestao.com.br\/index.php\/wp-json\/wp\/v2\/types\/post"}],"author":[{"embeddable":true,"href":"https:\/\/integracaogestao.com.br\/index.php\/wp-json\/wp\/v2\/users\/2"}],"replies":[{"embeddable":true,"href":"https:\/\/integracaogestao.com.br\/index.php\/wp-json\/wp\/v2\/comments?post=7807"}],"version-history":[{"count":1,"href":"https:\/\/integracaogestao.com.br\/index.php\/wp-json\/wp\/v2\/posts\/7807\/revisions"}],"predecessor-version":[{"id":7808,"href":"https:\/\/integracaogestao.com.br\/index.php\/wp-json\/wp\/v2\/posts\/7807\/revisions\/7808"}],"wp:attachment":[{"href":"https:\/\/integracaogestao.com.br\/index.php\/wp-json\/wp\/v2\/media?parent=7807"}],"wp:term":[{"taxonomy":"category","embeddable":true,"href":"https:\/\/integracaogestao.com.br\/index.php\/wp-json\/wp\/v2\/categories?post=7807"},{"taxonomy":"post_tag","embeddable":true,"href":"https:\/\/integracaogestao.com.br\/index.php\/wp-json\/wp\/v2\/tags?post=7807"}],"curies":[{"name":"wp","href":"https:\/\/api.w.org\/{rel}","templated":true}]}}